{"id":221,"date":"2025-06-27T10:07:46","date_gmt":"2025-06-27T10:07:46","guid":{"rendered":"https:\/\/www.penalara.com\/blog\/?p=221"},"modified":"2025-12-11T10:56:50","modified_gmt":"2025-12-11T10:56:50","slug":"horarios-escolares-para-educacion-infantil-y-primaria","status":"publish","type":"post","link":"https:\/\/www.penalara.com\/blog\/index.php\/2025\/06\/27\/horarios-escolares-para-educacion-infantil-y-primaria\/","title":{"rendered":"Horarios escolares para educaci\u00f3n infantil y primaria"},"content":{"rendered":"\n<p>La elaboraci\u00f3n de los horarios para las etapas educativas de infantil y primaria presentan dificultades que normalmente est\u00e1n asociadas a la necesidad de contar con periodos fraccionados. <\/p>\n\n\n\n<p>Esta necesidad se debe a que los planes de ense\u00f1anza se organizan con cargas lectivas semanales que no son n\u00fameros enteros. Esto obliga a que los marcos horarios contemplen periodos con una determinada duraci\u00f3n fraccionada para que todo pueda encajar. El problema es que con frecuencia no es f\u00e1cil de conseguir. Normalmente hay que adaptar algunas condiciones  y permitir alguna flexibilidad, como ofrecer distintas distribuciones semanales, etc.<\/p>\n\n\n\n<p>Recientemente se ha celebrado un webinar monogr\u00e1fico dirigido a resolver la problem\u00e1tica de los horarios en los colegios que cuentan con ense\u00f1anza infantil o primaria. Los puntos sobre los que se ha hablado son los siguientes:<br><\/p>\n\n\n\n<ul style=\"margin-top:10px; margin-left:30px;\">\n<li><a href=\"https:\/\/youtu.be\/lJ_zm2FergI?si=AsDABdwVsJxEsA3A&#038;t=259\" target=\"_blank\">Problem\u00e1tica de los horarios de primaria<\/a><\/li>\n<li><a href=\"https:\/\/youtu.be\/lJ_zm2FergI?si=u5g6-NDhPb7-9HNk&#038;t=322\" target=\"_blank\">Los marcos horarios<\/a><\/li>\n<li>\nConfigurar las sesiones lectivas\n<ul>\n<li><a href=\"https:\/\/youtu.be\/lJ_zm2FergI?si=6263EMXl7gLY7l4H&#038;t=582\" target=\"_blank\">Distribuci\u00f3n semanal flexible<\/a><\/li>\n<li><a href=\"https:\/\/youtu.be\/lJ_zm2FergI?si=hFde6Hv5YbSJlxIO&#038;t=892\" target=\"_blank\">Sesiones partidas por un recreo<\/a><\/li>\n<\/ul>\n<\/li>\n<li><a href=\"https:\/\/youtu.be\/lJ_zm2FergI?si=8LdXanG3OAHTHi21&#038;t=947\" target=\"_blank\">Configurar profesores de apoyo<\/a><\/li>\n<li><a href=\"https:\/\/youtu.be\/lJ_zm2FergI?si=VbqqhZL7aMP1PVe2&#038;t=1313\" target=\"_blank\">Cotutores<\/a><\/li>\n<li><a href=\"https:\/\/youtu.be\/lJ_zm2FergI?si=I7Zn-XxTrKkJ3e4v&#038;t=1627\" target=\"_blank\">Reuniones<\/a><\/li>\n<li><a href=\"https:\/\/youtu.be\/lJ_zm2FergI?si=0pyFK9vNnSefvz23&#038;t=1949\" target=\"_blank\">Materias  indiferenciadas con el tutor<\/a><\/li>\n<\/ul>\n\n\n\n<p>Este webinar es una valiosa herramienta para abordar todas las dificultades que puedan tener, ofreciendo estrategias concretas y ejemplos pr\u00e1cticos que pueden servirles de gu\u00eda para una mejor organizaci\u00f3n.<\/p>\n\n\n\n<p>Los horarios son algo fundamental de la vida escolar y ser\u00e1 clave compartir experiencias y soluciones que ayuden a hacerlos \u00f3ptimos para la educaci\u00f3n. Les rogamos que no dejen de compartir y consultar el mejor modo de configurar el marco horario y las sesiones lectivas en su caso particular. El problema lo requiere. No dejen de ponerse en contacto con nosotros.<\/p>\n","protected":false},"excerpt":{"rendered":"<p>La elaboraci\u00f3n de los horarios para las etapas educativas de infantil y primaria presentan dificultades que normalmente est\u00e1n asociadas a la necesidad de contar con periodos fraccionados. Esta necesidad se debe a que los planes de ense\u00f1anza se organizan con cargas lectivas semanales que no son n\u00fameros enteros. Esto obliga a que los marcos horarios &hellip; <\/p>\n<p class=\"link-more\"><a href=\"https:\/\/www.penalara.com\/blog\/index.php\/2025\/06\/27\/horarios-escolares-para-educacion-infantil-y-primaria\/\" class=\"more-link\">Continuar leyendo<span class=\"screen-reader-text\"> \u00abHorarios escolares para educaci\u00f3n infantil y primaria\u00bb<\/span><\/a><\/p>\n","protected":false},"author":2,"featured_media":0,"comment_status":"closed","ping_status":"open","sticky":false,"template":"","format":"standard","meta":{"_monsterinsights_skip_tracking":false,"_monsterinsights_sitenote_active":false,"_monsterinsights_sitenote_note":"","_monsterinsights_sitenote_category":0,"footnotes":""},"categories":[73],"tags":[93,95,97,77,137,145,147],"class_list":["post-221","post","type-post","status-publish","format-standard","hentry","category-horarios-en-primaria","tag-ghc-es","tag-horarios-escolares-es","tag-penalara-software-es","tag-primaria","tag-profesores-es","tag-tramos-fraccionados","tag-tutores"],"yoast_head":"<!-- This site is optimized with the Yoast SEO plugin v27.5 - https:\/\/yoast.com\/product\/yoast-seo-wordpress\/ -->\n<title>Horarios escolares para educaci\u00f3n infantil y primaria - Blog de organizaci\u00f3n y optimizaci\u00f3n de horarios<\/title>\n<meta name=\"robots\" content=\"index, follow, max-snippet:-1, max-image-preview:large, max-video-preview:-1\" \/>\n<link rel=\"canonical\" href=\"https:\/\/www.penalara.com\/blog\/index.php\/2025\/06\/27\/horarios-escolares-para-educacion-infantil-y-primaria\/\" \/>\n<meta property=\"og:locale\" content=\"es_ES\" \/>\n<meta property=\"og:type\" content=\"article\" \/>\n<meta property=\"og:title\" content=\"Horarios escolares para educaci\u00f3n infantil y primaria - Blog de organizaci\u00f3n y optimizaci\u00f3n de horarios\" \/>\n<meta property=\"og:description\" content=\"La elaboraci\u00f3n de los horarios para las etapas educativas de infantil y primaria presentan dificultades que normalmente est\u00e1n asociadas a la necesidad de contar con periodos fraccionados. Esta necesidad se debe a que los planes de ense\u00f1anza se organizan con cargas lectivas semanales que no son n\u00fameros enteros. Esto obliga a que los marcos horarios &hellip; Continuar leyendo &quot;Horarios escolares para educaci\u00f3n infantil y primaria&quot;\" \/>\n<meta property=\"og:url\" content=\"https:\/\/www.penalara.com\/blog\/index.php\/2025\/06\/27\/horarios-escolares-para-educacion-infantil-y-primaria\/\" \/>\n<meta property=\"og:site_name\" content=\"Blog de organizaci\u00f3n y optimizaci\u00f3n de horarios\" \/>\n<meta property=\"article:publisher\" content=\"https:\/\/www.facebook.com\/Pe%c3%b1alara-Software-495043237195235\/\" \/>\n<meta property=\"article:published_time\" content=\"2025-06-27T10:07:46+00:00\" \/>\n<meta property=\"article:modified_time\" content=\"2025-12-11T10:56:50+00:00\" \/>\n<meta name=\"author\" content=\"Vanesa\" \/>\n<meta name=\"twitter:card\" content=\"summary_large_image\" \/>\n<meta name=\"twitter:creator\" content=\"@PenalaraSoft\" \/>\n<meta name=\"twitter:site\" content=\"@PenalaraSoft\" \/>\n<meta name=\"twitter:label1\" content=\"Escrito por\" \/>\n\t<meta name=\"twitter:data1\" content=\"Vanesa\" \/>\n\t<meta name=\"twitter:label2\" content=\"Tiempo de lectura\" \/>\n\t<meta name=\"twitter:data2\" content=\"2 minutos\" \/>\n<script type=\"application\/ld+json\" class=\"yoast-schema-graph\">{\"@context\":\"https:\\\/\\\/schema.org\",\"@graph\":[{\"@type\":\"Article\",\"@id\":\"https:\\\/\\\/www.penalara.com\\\/blog\\\/index.php\\\/2025\\\/06\\\/27\\\/horarios-escolares-para-educacion-infantil-y-primaria\\\/#article\",\"isPartOf\":{\"@id\":\"https:\\\/\\\/www.penalara.com\\\/blog\\\/index.php\\\/2025\\\/06\\\/27\\\/horarios-escolares-para-educacion-infantil-y-primaria\\\/\"},\"author\":{\"name\":\"Vanesa\",\"@id\":\"https:\\\/\\\/www.penalara.com\\\/blog\\\/#\\\/schema\\\/person\\\/4a240414c6b31ce21d829edfa349498d\"},\"headline\":\"Horarios escolares para educaci\u00f3n infantil y primaria\",\"datePublished\":\"2025-06-27T10:07:46+00:00\",\"dateModified\":\"2025-12-11T10:56:50+00:00\",\"mainEntityOfPage\":{\"@id\":\"https:\\\/\\\/www.penalara.com\\\/blog\\\/index.php\\\/2025\\\/06\\\/27\\\/horarios-escolares-para-educacion-infantil-y-primaria\\\/\"},\"wordCount\":275,\"publisher\":{\"@id\":\"https:\\\/\\\/www.penalara.com\\\/blog\\\/#organization\"},\"keywords\":[\"GHC\",\"Horarios escolares\",\"Pe\u00f1alara Software\",\"Primaria\",\"Profesores\",\"Tramos fraccionados\",\"Tutores\"],\"articleSection\":[\"Horarios en primaria\"],\"inLanguage\":\"es\"},{\"@type\":\"WebPage\",\"@id\":\"https:\\\/\\\/www.penalara.com\\\/blog\\\/index.php\\\/2025\\\/06\\\/27\\\/horarios-escolares-para-educacion-infantil-y-primaria\\\/\",\"url\":\"https:\\\/\\\/www.penalara.com\\\/blog\\\/index.php\\\/2025\\\/06\\\/27\\\/horarios-escolares-para-educacion-infantil-y-primaria\\\/\",\"name\":\"Horarios escolares para educaci\u00f3n infantil y primaria - Blog de organizaci\u00f3n y optimizaci\u00f3n de horarios\",\"isPartOf\":{\"@id\":\"https:\\\/\\\/www.penalara.com\\\/blog\\\/#website\"},\"datePublished\":\"2025-06-27T10:07:46+00:00\",\"dateModified\":\"2025-12-11T10:56:50+00:00\",\"breadcrumb\":{\"@id\":\"https:\\\/\\\/www.penalara.com\\\/blog\\\/index.php\\\/2025\\\/06\\\/27\\\/horarios-escolares-para-educacion-infantil-y-primaria\\\/#breadcrumb\"},\"inLanguage\":\"es\",\"potentialAction\":[{\"@type\":\"ReadAction\",\"target\":[\"https:\\\/\\\/www.penalara.com\\\/blog\\\/index.php\\\/2025\\\/06\\\/27\\\/horarios-escolares-para-educacion-infantil-y-primaria\\\/\"]}]},{\"@type\":\"BreadcrumbList\",\"@id\":\"https:\\\/\\\/www.penalara.com\\\/blog\\\/index.php\\\/2025\\\/06\\\/27\\\/horarios-escolares-para-educacion-infantil-y-primaria\\\/#breadcrumb\",\"itemListElement\":[{\"@type\":\"ListItem\",\"position\":1,\"name\":\"Home\",\"item\":\"https:\\\/\\\/www.penalara.com\\\/blog\\\/index.php\\\/en\\\/\"},{\"@type\":\"ListItem\",\"position\":2,\"name\":\"Horarios escolares para educaci\u00f3n infantil y primaria\"}]},{\"@type\":\"WebSite\",\"@id\":\"https:\\\/\\\/www.penalara.com\\\/blog\\\/#website\",\"url\":\"https:\\\/\\\/www.penalara.com\\\/blog\\\/\",\"name\":\"Blog de organizaci\u00f3n y optimizaci\u00f3n de horarios\",\"description\":\"Hacer los mejores horarios nunca ha sido tan f\u00e1cil\",\"publisher\":{\"@id\":\"https:\\\/\\\/www.penalara.com\\\/blog\\\/#organization\"},\"potentialAction\":[{\"@type\":\"SearchAction\",\"target\":{\"@type\":\"EntryPoint\",\"urlTemplate\":\"https:\\\/\\\/www.penalara.com\\\/blog\\\/?s={search_term_string}\"},\"query-input\":{\"@type\":\"PropertyValueSpecification\",\"valueRequired\":true,\"valueName\":\"search_term_string\"}}],\"inLanguage\":\"es\"},{\"@type\":\"Organization\",\"@id\":\"https:\\\/\\\/www.penalara.com\\\/blog\\\/#organization\",\"name\":\"Pe\u00f1alara Software S.L.\",\"url\":\"https:\\\/\\\/www.penalara.com\\\/blog\\\/\",\"logo\":{\"@type\":\"ImageObject\",\"inLanguage\":\"es\",\"@id\":\"https:\\\/\\\/www.penalara.com\\\/blog\\\/#\\\/schema\\\/logo\\\/image\\\/\",\"url\":\"https:\\\/\\\/www.penalara.com\\\/blog\\\/wp-content\\\/uploads\\\/2019\\\/07\\\/logo.png\",\"contentUrl\":\"https:\\\/\\\/www.penalara.com\\\/blog\\\/wp-content\\\/uploads\\\/2019\\\/07\\\/logo.png\",\"width\":250,\"height\":100,\"caption\":\"Pe\u00f1alara Software S.L.\"},\"image\":{\"@id\":\"https:\\\/\\\/www.penalara.com\\\/blog\\\/#\\\/schema\\\/logo\\\/image\\\/\"},\"sameAs\":[\"https:\\\/\\\/www.facebook.com\\\/Pe\u00f1alara-Software-495043237195235\\\/\",\"https:\\\/\\\/x.com\\\/PenalaraSoft\",\"https:\\\/\\\/www.linkedin.com\\\/company\\\/pe\u00f1alara-software-s.l.\\\/\",\"https:\\\/\\\/www.youtube.com\\\/channel\\\/UCdIAXJr9u7O8nZUkmmpmPmQ\",\"https:\\\/\\\/es.wikipedia.org\\\/wiki\\\/Pe\u00f1alara_GHC\"]},{\"@type\":\"Person\",\"@id\":\"https:\\\/\\\/www.penalara.com\\\/blog\\\/#\\\/schema\\\/person\\\/4a240414c6b31ce21d829edfa349498d\",\"name\":\"Vanesa\",\"image\":{\"@type\":\"ImageObject\",\"inLanguage\":\"es\",\"@id\":\"https:\\\/\\\/secure.gravatar.com\\\/avatar\\\/3ea4eefb99698b746c6d912290dc76d5682016103260b7a32ba57b5243b42556?s=96&d=mm&r=g\",\"url\":\"https:\\\/\\\/secure.gravatar.com\\\/avatar\\\/3ea4eefb99698b746c6d912290dc76d5682016103260b7a32ba57b5243b42556?s=96&d=mm&r=g\",\"contentUrl\":\"https:\\\/\\\/secure.gravatar.com\\\/avatar\\\/3ea4eefb99698b746c6d912290dc76d5682016103260b7a32ba57b5243b42556?s=96&d=mm&r=g\",\"caption\":\"Vanesa\"}}]}<\/script>\n<!-- \/ Yoast SEO plugin. -->","yoast_head_json":{"title":"Horarios escolares para educaci\u00f3n infantil y primaria - Blog de organizaci\u00f3n y optimizaci\u00f3n de horarios","robots":{"index":"index","follow":"follow","max-snippet":"max-snippet:-1","max-image-preview":"max-image-preview:large","max-video-preview":"max-video-preview:-1"},"canonical":"https:\/\/www.penalara.com\/blog\/index.php\/2025\/06\/27\/horarios-escolares-para-educacion-infantil-y-primaria\/","og_locale":"es_ES","og_type":"article","og_title":"Horarios escolares para educaci\u00f3n infantil y primaria - Blog de organizaci\u00f3n y optimizaci\u00f3n de horarios","og_description":"La elaboraci\u00f3n de los horarios para las etapas educativas de infantil y primaria presentan dificultades que normalmente est\u00e1n asociadas a la necesidad de contar con periodos fraccionados. Esta necesidad se debe a que los planes de ense\u00f1anza se organizan con cargas lectivas semanales que no son n\u00fameros enteros. Esto obliga a que los marcos horarios &hellip; Continuar leyendo \"Horarios escolares para educaci\u00f3n infantil y primaria\"","og_url":"https:\/\/www.penalara.com\/blog\/index.php\/2025\/06\/27\/horarios-escolares-para-educacion-infantil-y-primaria\/","og_site_name":"Blog de organizaci\u00f3n y optimizaci\u00f3n de horarios","article_publisher":"https:\/\/www.facebook.com\/Pe%c3%b1alara-Software-495043237195235\/","article_published_time":"2025-06-27T10:07:46+00:00","article_modified_time":"2025-12-11T10:56:50+00:00","author":"Vanesa","twitter_card":"summary_large_image","twitter_creator":"@PenalaraSoft","twitter_site":"@PenalaraSoft","twitter_misc":{"Escrito por":"Vanesa","Tiempo de lectura":"2 minutos"},"schema":{"@context":"https:\/\/schema.org","@graph":[{"@type":"Article","@id":"https:\/\/www.penalara.com\/blog\/index.php\/2025\/06\/27\/horarios-escolares-para-educacion-infantil-y-primaria\/#article","isPartOf":{"@id":"https:\/\/www.penalara.com\/blog\/index.php\/2025\/06\/27\/horarios-escolares-para-educacion-infantil-y-primaria\/"},"author":{"name":"Vanesa","@id":"https:\/\/www.penalara.com\/blog\/#\/schema\/person\/4a240414c6b31ce21d829edfa349498d"},"headline":"Horarios escolares para educaci\u00f3n infantil y primaria","datePublished":"2025-06-27T10:07:46+00:00","dateModified":"2025-12-11T10:56:50+00:00","mainEntityOfPage":{"@id":"https:\/\/www.penalara.com\/blog\/index.php\/2025\/06\/27\/horarios-escolares-para-educacion-infantil-y-primaria\/"},"wordCount":275,"publisher":{"@id":"https:\/\/www.penalara.com\/blog\/#organization"},"keywords":["GHC","Horarios escolares","Pe\u00f1alara Software","Primaria","Profesores","Tramos fraccionados","Tutores"],"articleSection":["Horarios en primaria"],"inLanguage":"es"},{"@type":"WebPage","@id":"https:\/\/www.penalara.com\/blog\/index.php\/2025\/06\/27\/horarios-escolares-para-educacion-infantil-y-primaria\/","url":"https:\/\/www.penalara.com\/blog\/index.php\/2025\/06\/27\/horarios-escolares-para-educacion-infantil-y-primaria\/","name":"Horarios escolares para educaci\u00f3n infantil y primaria - Blog de organizaci\u00f3n y optimizaci\u00f3n de horarios","isPartOf":{"@id":"https:\/\/www.penalara.com\/blog\/#website"},"datePublished":"2025-06-27T10:07:46+00:00","dateModified":"2025-12-11T10:56:50+00:00","breadcrumb":{"@id":"https:\/\/www.penalara.com\/blog\/index.php\/2025\/06\/27\/horarios-escolares-para-educacion-infantil-y-primaria\/#breadcrumb"},"inLanguage":"es","potentialAction":[{"@type":"ReadAction","target":["https:\/\/www.penalara.com\/blog\/index.php\/2025\/06\/27\/horarios-escolares-para-educacion-infantil-y-primaria\/"]}]},{"@type":"BreadcrumbList","@id":"https:\/\/www.penalara.com\/blog\/index.php\/2025\/06\/27\/horarios-escolares-para-educacion-infantil-y-primaria\/#breadcrumb","itemListElement":[{"@type":"ListItem","position":1,"name":"Home","item":"https:\/\/www.penalara.com\/blog\/index.php\/en\/"},{"@type":"ListItem","position":2,"name":"Horarios escolares para educaci\u00f3n infantil y primaria"}]},{"@type":"WebSite","@id":"https:\/\/www.penalara.com\/blog\/#website","url":"https:\/\/www.penalara.com\/blog\/","name":"Blog de organizaci\u00f3n y optimizaci\u00f3n de horarios","description":"Hacer los mejores horarios nunca ha sido tan f\u00e1cil","publisher":{"@id":"https:\/\/www.penalara.com\/blog\/#organization"},"potentialAction":[{"@type":"SearchAction","target":{"@type":"EntryPoint","urlTemplate":"https:\/\/www.penalara.com\/blog\/?s={search_term_string}"},"query-input":{"@type":"PropertyValueSpecification","valueRequired":true,"valueName":"search_term_string"}}],"inLanguage":"es"},{"@type":"Organization","@id":"https:\/\/www.penalara.com\/blog\/#organization","name":"Pe\u00f1alara Software S.L.","url":"https:\/\/www.penalara.com\/blog\/","logo":{"@type":"ImageObject","inLanguage":"es","@id":"https:\/\/www.penalara.com\/blog\/#\/schema\/logo\/image\/","url":"https:\/\/www.penalara.com\/blog\/wp-content\/uploads\/2019\/07\/logo.png","contentUrl":"https:\/\/www.penalara.com\/blog\/wp-content\/uploads\/2019\/07\/logo.png","width":250,"height":100,"caption":"Pe\u00f1alara Software S.L."},"image":{"@id":"https:\/\/www.penalara.com\/blog\/#\/schema\/logo\/image\/"},"sameAs":["https:\/\/www.facebook.com\/Pe\u00f1alara-Software-495043237195235\/","https:\/\/x.com\/PenalaraSoft","https:\/\/www.linkedin.com\/company\/pe\u00f1alara-software-s.l.\/","https:\/\/www.youtube.com\/channel\/UCdIAXJr9u7O8nZUkmmpmPmQ","https:\/\/es.wikipedia.org\/wiki\/Pe\u00f1alara_GHC"]},{"@type":"Person","@id":"https:\/\/www.penalara.com\/blog\/#\/schema\/person\/4a240414c6b31ce21d829edfa349498d","name":"Vanesa","image":{"@type":"ImageObject","inLanguage":"es","@id":"https:\/\/secure.gravatar.com\/avatar\/3ea4eefb99698b746c6d912290dc76d5682016103260b7a32ba57b5243b42556?s=96&d=mm&r=g","url":"https:\/\/secure.gravatar.com\/avatar\/3ea4eefb99698b746c6d912290dc76d5682016103260b7a32ba57b5243b42556?s=96&d=mm&r=g","contentUrl":"https:\/\/secure.gravatar.com\/avatar\/3ea4eefb99698b746c6d912290dc76d5682016103260b7a32ba57b5243b42556?s=96&d=mm&r=g","caption":"Vanesa"}}]}},"post_mailing_queue_ids":[],"_links":{"self":[{"href":"https:\/\/www.penalara.com\/blog\/index.php\/wp-json\/wp\/v2\/posts\/221","targetHints":{"allow":["GET"]}}],"collection":[{"href":"https:\/\/www.penalara.com\/blog\/index.php\/wp-json\/wp\/v2\/posts"}],"about":[{"href":"https:\/\/www.penalara.com\/blog\/index.php\/wp-json\/wp\/v2\/types\/post"}],"author":[{"embeddable":true,"href":"https:\/\/www.penalara.com\/blog\/index.php\/wp-json\/wp\/v2\/users\/2"}],"replies":[{"embeddable":true,"href":"https:\/\/www.penalara.com\/blog\/index.php\/wp-json\/wp\/v2\/comments?post=221"}],"version-history":[{"count":10,"href":"https:\/\/www.penalara.com\/blog\/index.php\/wp-json\/wp\/v2\/posts\/221\/revisions"}],"predecessor-version":[{"id":254,"href":"https:\/\/www.penalara.com\/blog\/index.php\/wp-json\/wp\/v2\/posts\/221\/revisions\/254"}],"wp:attachment":[{"href":"https:\/\/www.penalara.com\/blog\/index.php\/wp-json\/wp\/v2\/media?parent=221"}],"wp:term":[{"taxonomy":"category","embeddable":true,"href":"https:\/\/www.penalara.com\/blog\/index.php\/wp-json\/wp\/v2\/categories?post=221"},{"taxonomy":"post_tag","embeddable":true,"href":"https:\/\/www.penalara.com\/blog\/index.php\/wp-json\/wp\/v2\/tags?post=221"}],"curies":[{"name":"wp","href":"https:\/\/api.w.org\/{rel}","templated":true}]}}