{"id":163,"date":"2022-12-30T10:53:44","date_gmt":"2022-12-30T10:53:44","guid":{"rendered":"https:\/\/www.penalara.com\/blog\/?p=163"},"modified":"2025-11-14T12:18:19","modified_gmt":"2025-11-14T12:18:19","slug":"como-generar-un-buen-horario-en-primaria","status":"publish","type":"post","link":"https:\/\/www.penalara.com\/blog\/index.php\/2022\/12\/30\/como-generar-un-buen-horario-en-primaria\/","title":{"rendered":"C\u00f3mo generar un buen horario en primaria"},"content":{"rendered":"\n<p>Quien nunca se ha enfrentado a la elaboraci\u00f3n del horario en un colegio de primaria puede pensar que es una tarea sencilla, pero quienes los hacen cada a\u00f1o saben de la complejidad que puede tener cuadrar todas las asignaturas con sus diferentes distribuciones semanales, considerando la duraci\u00f3n de los periodos, asignando las aulas espec\u00edficas y consiguiendo que encaje el horario de los especialistas.<\/p>\n\n\n\n<p>Como siempre, la experiencia es un grado y cuantos m\u00e1s horarios se han hecho utilizando una herramienta inform\u00e1tica, mejor se conoce c\u00f3mo abordarlo. Queremos mostrar una metodolog\u00eda para generar buenos horarios de primaria. Por supuesto, cada centro tiene sus caracter\u00edsticas, por lo que en cada caso usted extraer\u00e1 aquello que pueda aprovechar en su propio centro de ense\u00f1anza de lo que aqu\u00ed se expone.<\/p>\n\n\n\n<p>Existen diferencias entre los horarios de primaria y los de otras ense\u00f1anzas. La educaci\u00f3n primaria tiene caracter\u00edsticas particulares, algunas de estas son:<\/p>\n\n\n\n<ul class=\"wp-block-list\"><li>La existencia de tutores y especialistas con distintos perfiles.<\/li><li>Diferencia entre elegir tutores o cotutores.<\/li><li>Duraci\u00f3n variable de los tramos y sesiones de 30 y 45 minutos.<\/li><li>Coincidencia de los recreos de todos los grupos.<\/li><li>Posibilidad de biling\u00fcismo.<\/li><li>Variaciones de la carga horaria por comunidad o por centro.<\/li><\/ul>\n\n\n\n<p>A continuaci\u00f3n, mostraremos una metodolog\u00eda basada en nuestra experiencia ayudando a numerosos colegios durante los \u00faltimos a\u00f1os.<\/p>\n\n\n\n<h2 class=\"wp-block-heading\">An\u00e1lisis previo de los datos<\/h2>\n\n\n\n<p>En primer lugar, y antes de empezar a generar el horario, hay dos aspectos a tener en cuenta: la carga horaria del profesorado y sus perfiles.<\/p>\n\n\n\n<p>Por ejemplo, la carga horaria de cada profesor podr\u00eda ser de 30 horas semanales, de las cuales, 25 son con alumnos y las otras 5 de otras actividades. De las 25 horas con alumnos, 22,5 horas son lectivas y 2,5 horas pertenecen a la vigilancia de los recreos. Adem\u00e1s, suele ser habitual que la repartici\u00f3n entre los d\u00edas sea equitativa, y que cada uno tenga 4,5 horas lectivas, y media hora de recreo. Pero la carga horaria de las asignaturas no es la misma todos los d\u00edas de la semana.<\/p>\n\n\n\n<p>Adem\u00e1s, cada comunidad aut\u00f3noma define las materias que corresponden al curr\u00edculo de cada curso con su carga horaria y cada centro tiene cierta autonom\u00eda para realizar modificaciones. Puede ofrecer otras materias, como una segunda lengua extranjera, dos lenguas cooficiales, tecnolog\u00eda y rob\u00f3tica, o realizar alguna modificaci\u00f3n en la carga horaria de las asignaturas.<\/p>\n\n\n\n<p>Otro factor es el perfil de los docentes con los que se cuenta. Todos los profesores de primaria pueden ser tutores, e impartir matem\u00e1ticas, lengua, naturales, etc. Pero solamente los especialistas imparten educaci\u00f3n f\u00edsica, m\u00fasica, ingl\u00e9s o religi\u00f3n, para lo que tienen una determinada competencia. As\u00ed, seg\u00fan sea el n\u00famero y perfil de los especialistas de los que se disponga, variar\u00e1n las posibles asignaciones del profesorado a las distintas materias.<\/p>\n\n\n\n<p>Por otra parte, tambi\u00e9n es necesario conocer las restricciones que tienen los docentes, como una posible reducci\u00f3n de jornada por distintos motivos. Algunos de los profesores podr\u00edan ser itinerantes o estar dando clase en otros centros educativos, teniendo solamente disponibles unos determinados d\u00edas o a unas determinadas horas.<\/p>\n\n\n\n<h2 class=\"wp-block-heading\">Definir el marco horario<\/h2>\n\n\n\n<p>Una vez realizado el an\u00e1lisis previo de los datos se debe definir el marco horario o rejilla horaria, en el que se impartir\u00e1n las sesiones. Suponiendo un marco con la misma carga lectiva de 4,5 horas cada d\u00eda de la semana, tres posibles opciones para definir los tramos horarios son:<\/p>\n\n\n\n<ol class=\"wp-block-list\" type=\"1\"><li>4 tramos de 1 hora, y 1 tramo de \u00bd hora.<\/li><li>3 tramos de 1 hora, y 2 tramos de \u00be de hora.<\/li><li>6 tramos de \u00be de hora.<\/li><\/ol>\n\n\n\n<p>En todo caso siempre podr\u00eda partir alg\u00fan tramo de una hora en dos contiguos de media hora.<\/p>\n\n\n\n<p>Estas distribuciones podr\u00edan ser las mismas todos los d\u00edas, o establecer distintas divisiones cada d\u00eda de la semana. Otra opci\u00f3n es definir distintos marcos horarios, los cuales podr\u00edan solaparse, para unos u otros grupos de alumnos, con recreos a las mismas o distintas horas.<\/p>\n\n\n\n<p>Usando GHC dispone de todas estas opciones. Utilizando periodos de duraci\u00f3n \u00bd, \u00be o 1 hora, puede configurar horarios de forma flexible. Las sesiones lectivas que se tengan que colocar en el horario podr\u00e1n hacerlo en tramos contiguos que completen su duraci\u00f3n. As\u00ed, una sesi\u00f3n de una hora podr\u00e1 utilizar dos periodos contiguos de media hora, pero una sesi\u00f3n de \u00bd hora solo podr\u00e1 situarse en periodo de media hora, no pudiendo hacerlo en tramos de una hora si estos no se han dividido.<\/p>\n\n\n\n<p>La dificultad estriba en definir un marco que posibilite acomodar la duraci\u00f3n de las sesiones de cada grupo de alumnos, de cada profesor y en cada aula. Esto frecuentemente suponer la mayor dificultad. Por ejemplo, si el tiempo semanal de religi\u00f3n para cada grupo es de \u00be, y en el horario hay solamente, supongamos, cinco tramos de \u00be, resulta imposible asignar m\u00e1s de cinco sesiones de \u00be a un determinado profesor de religi\u00f3n.<\/p>\n\n\n\n<p>Se hace necesario configurar un horario general seg\u00fan la conveniencia de cada colegio, teniendo en cuenta que los horarios sean posibles, por lo que a veces se hace necesaria cierta flexibilidad en la distribuci\u00f3n semanal de cada asignatura, como veremos a continuaci\u00f3n.&nbsp;<\/p>\n\n\n\n<h2 class=\"wp-block-heading\">Creaci\u00f3n de las sesiones lectivas<\/h2>\n\n\n\n<p>Una vez definido un marco horario, que en todo caso podr\u00eda modificarse si fuese necesario, llega el momento de crear las sesiones impartidas a los alumnos. Es \u00fatil crearlas en distintas fases. Esto nos permitir\u00e1 ir descubriendo qu\u00e9 condiciones pueden causar problemas para cuadrar el horario. La idea es empezar por las sesiones m\u00e1s dif\u00edciles de colocar, y despu\u00e9s continuar con el resto.<\/p>\n\n\n\n<p>As\u00ed, recomendamos colocar las sesiones en las tres siguientes fases:<\/p>\n\n\n\n<ol class=\"wp-block-list\" type=\"1\"><li>Sesiones de especialistas.<\/li><li>Sesiones del profesorado fuera de su grupo\/tutor.<\/li><li>Sesiones del tutor en su grupo\/tutor.<\/li><\/ol>\n\n\n\n<p>Primero tendremos en cuenta las sesiones de los especialistas. El motivo es que impartir clase a distintos grupos de alumnos dificulta las soluciones. Por el mismo motivo, los profesores tutores que tambi\u00e9n imparten clase a otros grupos son m\u00e1s dif\u00edciles de encajar. Por \u00faltimo, a\u00f1adimos las sesiones de los profesores que solamente imparten clase al grupo del que son tutores, lo cual es inmediato. Por ejemplo, en el caso de tener cotutores en dos grupos A y B del mismo curso, se deber\u00edan tener en cuenta las sesiones de ambos a la vez, pues estar\u00edan fuertemente relacionadas.<\/p>\n\n\n\n<h2 class=\"wp-block-heading\">Permitir una distribuci\u00f3n semanal flexible de cada asignatura<\/h2>\n\n\n\n<p>GHC permite definir para cada asignatura una carga semanal total que podr\u00e1 distribuirse de forma flexible en sesiones de distinta duraci\u00f3n, acotando un m\u00e1ximo y un m\u00ednimo diario. Esto aporta gran flexibilidad a las soluciones. Por ejemplo, si existen tramos contiguos en el horario de \u00be y \u00bd, para una asignatura de 5 horas semanal y una duraci\u00f3n m\u00e1xima diaria de 1,5 (representado por &amp;) y m\u00ednima de 1, las posibles alternativas ser\u00edan:<\/p>\n\n\n\n<ul class=\"wp-block-list\"><li>&amp;-&amp;-1-1<\/li><li>&amp;-(1 \u00bc) -(1 \u00bc)-1<\/li><li>(1 \u00bc) -(1 \u00bc) -(1 \u00bc) -(1 \u00bc)<\/li><li>1-1-1-1-1<\/li><\/ul>\n\n\n\n<p>Existe a veces una posible flexibilidad curricular que necesitar\u00edamos aprovechar para que se puedan cuadrar los horarios. Por ejemplo:<\/p>\n\n\n\n<ul class=\"wp-block-list\"><li>Hay peque\u00f1as variaciones que las comunidades permiten entre el n\u00famero de horas de las sesiones. Esto nos posibilita, por ejemplo, traspasar 15 minutos de una asignatura a otra, liberando as\u00ed tramos en los que colocar sesiones del profesor, y permitiendo que exista una soluci\u00f3n.<\/li><li>Jugar con la distribuci\u00f3n que se hace con la repartici\u00f3n de las horas de Educaci\u00f3n Art\u00edstica entre M\u00fasica y Pl\u00e1tica. En los planes curriculares se suele definir el total de la suma de ambas, pero no es necesario que tengan la misma duraci\u00f3n. Dependiendo de las sesiones que tenga el especialista de m\u00fasica, nos puede interesar darle una duraci\u00f3n u otra en cada grupo.<\/li><\/ul>\n\n\n\n<h2 class=\"wp-block-heading\">Creaci\u00f3n de sesiones no lectivas<\/h2>\n\n\n\n<p>Estas actividades no se realizan directamente con alumnos, pero son igualmente importantes en el horario. Por ejemplo, las vigilancias que se realizan en el patio durante el recreo, las tareas de direcci\u00f3n o las guardias para asegurar que siempre haya alg\u00fan profesor disponible para cubrir las ausencias.<\/p>\n\n\n\n<p>Otras actividades del profesorado en los horarios de primaria son los periodos de permanencia en el centro. Este tipo de sesiones engloba, entre otros, a las reuniones de ciclos, reuniones con pares, o la comisi\u00f3n de coordinaci\u00f3n pedag\u00f3gica (CCP).<\/p>\n\n\n\n<h2 class=\"wp-block-heading\">Utilizar GHC<\/h2>\n\n\n\n<p>GHC permite no solo automatizar la obtenci\u00f3n del horario sino disfrutar adem\u00e1s de otras ventajas:<\/p>\n\n\n\n<ul class=\"wp-block-list\"><li><strong>Intercambio con gestores acad\u00e9micos<\/strong>: GHC intercambia con todos los gestores acad\u00e9micos p\u00fablicos de las distintas comunidades, adem\u00e1s de otras plataformas de gesti\u00f3n. Gracias a ello, podemos descargar los elementos necesarios para generar nuestro horario evitando hacerlo manualmente. Pero lo m\u00e1s importante es que descargando estos datos del gestor acad\u00e9mico podremos transferirle la soluci\u00f3n al horario, una vez resuelto, de forma que la integre.<\/li><li><strong>Automatizaci\u00f3n de b\u00fasqueda de soluciones<\/strong>: Con solo indicar la configuraci\u00f3n y restricciones del horario, GHC se encargar\u00e1 de buscar autom\u00e1ticamente una soluci\u00f3n. Esto ahorra d\u00edas de trabajo buscando soluciones v\u00e1lidas, y evita la incertidumbre de saber si existen posibles soluciones.<\/li><li><strong>Detecci\u00f3n de errores y condiciones imposibles<\/strong>: GHC incluye un validador que nos avisar\u00e1 de los errores y condiciones imposibles que hayamos definido. Tambi\u00e9n incluye herramientas para identificar las condiciones que impiden la obtenci\u00f3n de una soluci\u00f3n.<\/li><li><strong>R\u00e1pido ajuste a modificaciones<\/strong>: Un cambio al inicio del curso, una reducci\u00f3n de jornada, un error en el n\u00famero de horas de una asignatura. Son muchas las causas sobrevenidas que puede invalidar una soluci\u00f3n haciendo in\u00fatil todo el trabajo realizado. Con GHC, es cuesti\u00f3n de minutos hacer ese cambio, y generar autom\u00e1ticamente una nueva soluci\u00f3n, si existe, que cumpla los requisitos.<\/li><li><strong>Optimizaci\u00f3n de la soluci\u00f3n<\/strong>: \u00bfQu\u00e9 es un buen horario? \u00bfAquel que compacta el horario de los docentes, minimiza los cambios de aula de grupos, ajusta horarios de profesores que comparten veh\u00edculo para venir al centro? Son muchos los factores a considerar. Adem\u00e1s, existen otros factores de \u00edndole pedag\u00f3gica definidos por la Administraci\u00f3n o el Consejo Escolar de cada centro. Por suerte, en GHC podemos ponderar estos factores. El programa buscar\u00e1 entre todas las posibles combinaciones la \u00f3ptima de acuerdo con sus propios criterios.<\/li><li><strong>GHC Web y M\u00f3vil App<\/strong>: M\u00e1s all\u00e1 de la generaci\u00f3n del horario la suscripci\u00f3n a Pe\u00f1alara ofrece utilidades online para la gesti\u00f3n del d\u00eda a d\u00eda del centro en asuntos referentes al horario.<ul><li><em><u>Visor de horarios por perfiles<\/u><\/em>: Tanto el centro como los profesores y alumnos tendr\u00e1n disponible en cualquier navegador o en su dispositivo m\u00f3vil el acceso a su horario.<\/li><li><em><u>Gestor de ausencias y sustituciones<\/u><\/em>: Este m\u00f3dulo permite a los docentes informarnos si se van a ausentar y gestionar las sustituciones.<\/li><\/ul><\/li><\/ul>\n\n\n\n<p>Para terminar, solamente recordarle que, junto a la soluci\u00f3n inform\u00e1tica, recibir\u00e1n toda la ayuda y el asesoramiento del equipo de Pe\u00f1alara que necesiten.<\/p>\n","protected":false},"excerpt":{"rendered":"<p>Quien nunca se ha enfrentado a la elaboraci\u00f3n del horario en un colegio de primaria puede pensar que es una tarea sencilla, pero quienes los hacen cada a\u00f1o saben de la complejidad que puede tener cuadrar todas las asignaturas con sus diferentes distribuciones semanales, considerando la duraci\u00f3n de los periodos, asignando las aulas espec\u00edficas y &hellip; <\/p>\n<p class=\"link-more\"><a href=\"https:\/\/www.penalara.com\/blog\/index.php\/2022\/12\/30\/como-generar-un-buen-horario-en-primaria\/\" class=\"more-link\">Continuar leyendo<span class=\"screen-reader-text\"> \u00abC\u00f3mo generar un buen horario en primaria\u00bb<\/span><\/a><\/p>\n","protected":false},"author":6,"featured_media":0,"comment_status":"closed","ping_status":"open","sticky":false,"template":"","format":"standard","meta":{"_monsterinsights_skip_tracking":false,"_monsterinsights_sitenote_active":false,"_monsterinsights_sitenote_note":"","_monsterinsights_sitenote_category":0,"footnotes":""},"categories":[73],"tags":[93,95,77,137],"class_list":["post-163","post","type-post","status-publish","format-standard","hentry","category-horarios-en-primaria","tag-ghc-es","tag-horarios-escolares-es","tag-primaria","tag-profesores-es"],"yoast_head":"<!-- This site is optimized with the Yoast SEO plugin v27.5 - https:\/\/yoast.com\/product\/yoast-seo-wordpress\/ -->\n<title>C\u00f3mo generar un buen horario en primaria - Blog de organizaci\u00f3n y optimizaci\u00f3n de horarios<\/title>\n<meta name=\"robots\" content=\"index, follow, max-snippet:-1, max-image-preview:large, max-video-preview:-1\" \/>\n<link rel=\"canonical\" href=\"https:\/\/www.penalara.com\/blog\/index.php\/2022\/12\/30\/como-generar-un-buen-horario-en-primaria\/\" \/>\n<meta property=\"og:locale\" content=\"es_ES\" \/>\n<meta property=\"og:type\" content=\"article\" \/>\n<meta property=\"og:title\" content=\"C\u00f3mo generar un buen horario en primaria - Blog de organizaci\u00f3n y optimizaci\u00f3n de horarios\" \/>\n<meta property=\"og:description\" content=\"Quien nunca se ha enfrentado a la elaboraci\u00f3n del horario en un colegio de primaria puede pensar que es una tarea sencilla, pero quienes los hacen cada a\u00f1o saben de la complejidad que puede tener cuadrar todas las asignaturas con sus diferentes distribuciones semanales, considerando la duraci\u00f3n de los periodos, asignando las aulas espec\u00edficas y &hellip; Continuar leyendo &quot;C\u00f3mo generar un buen horario en primaria&quot;\" \/>\n<meta property=\"og:url\" content=\"https:\/\/www.penalara.com\/blog\/index.php\/2022\/12\/30\/como-generar-un-buen-horario-en-primaria\/\" \/>\n<meta property=\"og:site_name\" content=\"Blog de organizaci\u00f3n y optimizaci\u00f3n de horarios\" \/>\n<meta property=\"article:publisher\" content=\"https:\/\/www.facebook.com\/Pe%c3%b1alara-Software-495043237195235\/\" \/>\n<meta property=\"article:published_time\" content=\"2022-12-30T10:53:44+00:00\" \/>\n<meta property=\"article:modified_time\" content=\"2025-11-14T12:18:19+00:00\" \/>\n<meta name=\"author\" content=\"Elena\" \/>\n<meta name=\"twitter:card\" content=\"summary_large_image\" \/>\n<meta name=\"twitter:creator\" content=\"@PenalaraSoft\" \/>\n<meta name=\"twitter:site\" content=\"@PenalaraSoft\" \/>\n<meta name=\"twitter:label1\" content=\"Escrito por\" \/>\n\t<meta name=\"twitter:data1\" content=\"Elena\" \/>\n\t<meta name=\"twitter:label2\" content=\"Tiempo de lectura\" \/>\n\t<meta name=\"twitter:data2\" content=\"9 minutos\" \/>\n<script type=\"application\/ld+json\" class=\"yoast-schema-graph\">{\"@context\":\"https:\\\/\\\/schema.org\",\"@graph\":[{\"@type\":\"Article\",\"@id\":\"https:\\\/\\\/www.penalara.com\\\/blog\\\/index.php\\\/2022\\\/12\\\/30\\\/como-generar-un-buen-horario-en-primaria\\\/#article\",\"isPartOf\":{\"@id\":\"https:\\\/\\\/www.penalara.com\\\/blog\\\/index.php\\\/2022\\\/12\\\/30\\\/como-generar-un-buen-horario-en-primaria\\\/\"},\"author\":{\"name\":\"Elena\",\"@id\":\"https:\\\/\\\/www.penalara.com\\\/blog\\\/#\\\/schema\\\/person\\\/454ee9013e618e32d3c57de96cf504ec\"},\"headline\":\"C\u00f3mo generar un buen horario en primaria\",\"datePublished\":\"2022-12-30T10:53:44+00:00\",\"dateModified\":\"2025-11-14T12:18:19+00:00\",\"mainEntityOfPage\":{\"@id\":\"https:\\\/\\\/www.penalara.com\\\/blog\\\/index.php\\\/2022\\\/12\\\/30\\\/como-generar-un-buen-horario-en-primaria\\\/\"},\"wordCount\":1892,\"publisher\":{\"@id\":\"https:\\\/\\\/www.penalara.com\\\/blog\\\/#organization\"},\"keywords\":[\"GHC\",\"Horarios escolares\",\"Primaria\",\"Profesores\"],\"articleSection\":[\"Horarios en primaria\"],\"inLanguage\":\"es\"},{\"@type\":\"WebPage\",\"@id\":\"https:\\\/\\\/www.penalara.com\\\/blog\\\/index.php\\\/2022\\\/12\\\/30\\\/como-generar-un-buen-horario-en-primaria\\\/\",\"url\":\"https:\\\/\\\/www.penalara.com\\\/blog\\\/index.php\\\/2022\\\/12\\\/30\\\/como-generar-un-buen-horario-en-primaria\\\/\",\"name\":\"C\u00f3mo generar un buen horario en primaria - Blog de organizaci\u00f3n y optimizaci\u00f3n de horarios\",\"isPartOf\":{\"@id\":\"https:\\\/\\\/www.penalara.com\\\/blog\\\/#website\"},\"datePublished\":\"2022-12-30T10:53:44+00:00\",\"dateModified\":\"2025-11-14T12:18:19+00:00\",\"breadcrumb\":{\"@id\":\"https:\\\/\\\/www.penalara.com\\\/blog\\\/index.php\\\/2022\\\/12\\\/30\\\/como-generar-un-buen-horario-en-primaria\\\/#breadcrumb\"},\"inLanguage\":\"es\",\"potentialAction\":[{\"@type\":\"ReadAction\",\"target\":[\"https:\\\/\\\/www.penalara.com\\\/blog\\\/index.php\\\/2022\\\/12\\\/30\\\/como-generar-un-buen-horario-en-primaria\\\/\"]}]},{\"@type\":\"BreadcrumbList\",\"@id\":\"https:\\\/\\\/www.penalara.com\\\/blog\\\/index.php\\\/2022\\\/12\\\/30\\\/como-generar-un-buen-horario-en-primaria\\\/#breadcrumb\",\"itemListElement\":[{\"@type\":\"ListItem\",\"position\":1,\"name\":\"Home\",\"item\":\"https:\\\/\\\/www.penalara.com\\\/blog\\\/index.php\\\/en\\\/\"},{\"@type\":\"ListItem\",\"position\":2,\"name\":\"C\u00f3mo generar un buen horario en primaria\"}]},{\"@type\":\"WebSite\",\"@id\":\"https:\\\/\\\/www.penalara.com\\\/blog\\\/#website\",\"url\":\"https:\\\/\\\/www.penalara.com\\\/blog\\\/\",\"name\":\"Blog de organizaci\u00f3n y optimizaci\u00f3n de horarios\",\"description\":\"Hacer los mejores horarios nunca ha sido tan f\u00e1cil\",\"publisher\":{\"@id\":\"https:\\\/\\\/www.penalara.com\\\/blog\\\/#organization\"},\"potentialAction\":[{\"@type\":\"SearchAction\",\"target\":{\"@type\":\"EntryPoint\",\"urlTemplate\":\"https:\\\/\\\/www.penalara.com\\\/blog\\\/?s={search_term_string}\"},\"query-input\":{\"@type\":\"PropertyValueSpecification\",\"valueRequired\":true,\"valueName\":\"search_term_string\"}}],\"inLanguage\":\"es\"},{\"@type\":\"Organization\",\"@id\":\"https:\\\/\\\/www.penalara.com\\\/blog\\\/#organization\",\"name\":\"Pe\u00f1alara Software S.L.\",\"url\":\"https:\\\/\\\/www.penalara.com\\\/blog\\\/\",\"logo\":{\"@type\":\"ImageObject\",\"inLanguage\":\"es\",\"@id\":\"https:\\\/\\\/www.penalara.com\\\/blog\\\/#\\\/schema\\\/logo\\\/image\\\/\",\"url\":\"https:\\\/\\\/www.penalara.com\\\/blog\\\/wp-content\\\/uploads\\\/2019\\\/07\\\/logo.png\",\"contentUrl\":\"https:\\\/\\\/www.penalara.com\\\/blog\\\/wp-content\\\/uploads\\\/2019\\\/07\\\/logo.png\",\"width\":250,\"height\":100,\"caption\":\"Pe\u00f1alara Software S.L.\"},\"image\":{\"@id\":\"https:\\\/\\\/www.penalara.com\\\/blog\\\/#\\\/schema\\\/logo\\\/image\\\/\"},\"sameAs\":[\"https:\\\/\\\/www.facebook.com\\\/Pe\u00f1alara-Software-495043237195235\\\/\",\"https:\\\/\\\/x.com\\\/PenalaraSoft\",\"https:\\\/\\\/www.linkedin.com\\\/company\\\/pe\u00f1alara-software-s.l.\\\/\",\"https:\\\/\\\/www.youtube.com\\\/channel\\\/UCdIAXJr9u7O8nZUkmmpmPmQ\",\"https:\\\/\\\/es.wikipedia.org\\\/wiki\\\/Pe\u00f1alara_GHC\"]},{\"@type\":\"Person\",\"@id\":\"https:\\\/\\\/www.penalara.com\\\/blog\\\/#\\\/schema\\\/person\\\/454ee9013e618e32d3c57de96cf504ec\",\"name\":\"Elena\",\"image\":{\"@type\":\"ImageObject\",\"inLanguage\":\"es\",\"@id\":\"https:\\\/\\\/secure.gravatar.com\\\/avatar\\\/736280d0fd0a8157a4f88f9856b493f6f7d167e440c5288c191f7270ce380d03?s=96&d=mm&r=g\",\"url\":\"https:\\\/\\\/secure.gravatar.com\\\/avatar\\\/736280d0fd0a8157a4f88f9856b493f6f7d167e440c5288c191f7270ce380d03?s=96&d=mm&r=g\",\"contentUrl\":\"https:\\\/\\\/secure.gravatar.com\\\/avatar\\\/736280d0fd0a8157a4f88f9856b493f6f7d167e440c5288c191f7270ce380d03?s=96&d=mm&r=g\",\"caption\":\"Elena\"}}]}<\/script>\n<!-- \/ Yoast SEO plugin. -->","yoast_head_json":{"title":"C\u00f3mo generar un buen horario en primaria - Blog de organizaci\u00f3n y optimizaci\u00f3n de horarios","robots":{"index":"index","follow":"follow","max-snippet":"max-snippet:-1","max-image-preview":"max-image-preview:large","max-video-preview":"max-video-preview:-1"},"canonical":"https:\/\/www.penalara.com\/blog\/index.php\/2022\/12\/30\/como-generar-un-buen-horario-en-primaria\/","og_locale":"es_ES","og_type":"article","og_title":"C\u00f3mo generar un buen horario en primaria - Blog de organizaci\u00f3n y optimizaci\u00f3n de horarios","og_description":"Quien nunca se ha enfrentado a la elaboraci\u00f3n del horario en un colegio de primaria puede pensar que es una tarea sencilla, pero quienes los hacen cada a\u00f1o saben de la complejidad que puede tener cuadrar todas las asignaturas con sus diferentes distribuciones semanales, considerando la duraci\u00f3n de los periodos, asignando las aulas espec\u00edficas y &hellip; Continuar leyendo \"C\u00f3mo generar un buen horario en primaria\"","og_url":"https:\/\/www.penalara.com\/blog\/index.php\/2022\/12\/30\/como-generar-un-buen-horario-en-primaria\/","og_site_name":"Blog de organizaci\u00f3n y optimizaci\u00f3n de horarios","article_publisher":"https:\/\/www.facebook.com\/Pe%c3%b1alara-Software-495043237195235\/","article_published_time":"2022-12-30T10:53:44+00:00","article_modified_time":"2025-11-14T12:18:19+00:00","author":"Elena","twitter_card":"summary_large_image","twitter_creator":"@PenalaraSoft","twitter_site":"@PenalaraSoft","twitter_misc":{"Escrito por":"Elena","Tiempo de lectura":"9 minutos"},"schema":{"@context":"https:\/\/schema.org","@graph":[{"@type":"Article","@id":"https:\/\/www.penalara.com\/blog\/index.php\/2022\/12\/30\/como-generar-un-buen-horario-en-primaria\/#article","isPartOf":{"@id":"https:\/\/www.penalara.com\/blog\/index.php\/2022\/12\/30\/como-generar-un-buen-horario-en-primaria\/"},"author":{"name":"Elena","@id":"https:\/\/www.penalara.com\/blog\/#\/schema\/person\/454ee9013e618e32d3c57de96cf504ec"},"headline":"C\u00f3mo generar un buen horario en primaria","datePublished":"2022-12-30T10:53:44+00:00","dateModified":"2025-11-14T12:18:19+00:00","mainEntityOfPage":{"@id":"https:\/\/www.penalara.com\/blog\/index.php\/2022\/12\/30\/como-generar-un-buen-horario-en-primaria\/"},"wordCount":1892,"publisher":{"@id":"https:\/\/www.penalara.com\/blog\/#organization"},"keywords":["GHC","Horarios escolares","Primaria","Profesores"],"articleSection":["Horarios en primaria"],"inLanguage":"es"},{"@type":"WebPage","@id":"https:\/\/www.penalara.com\/blog\/index.php\/2022\/12\/30\/como-generar-un-buen-horario-en-primaria\/","url":"https:\/\/www.penalara.com\/blog\/index.php\/2022\/12\/30\/como-generar-un-buen-horario-en-primaria\/","name":"C\u00f3mo generar un buen horario en primaria - Blog de organizaci\u00f3n y optimizaci\u00f3n de horarios","isPartOf":{"@id":"https:\/\/www.penalara.com\/blog\/#website"},"datePublished":"2022-12-30T10:53:44+00:00","dateModified":"2025-11-14T12:18:19+00:00","breadcrumb":{"@id":"https:\/\/www.penalara.com\/blog\/index.php\/2022\/12\/30\/como-generar-un-buen-horario-en-primaria\/#breadcrumb"},"inLanguage":"es","potentialAction":[{"@type":"ReadAction","target":["https:\/\/www.penalara.com\/blog\/index.php\/2022\/12\/30\/como-generar-un-buen-horario-en-primaria\/"]}]},{"@type":"BreadcrumbList","@id":"https:\/\/www.penalara.com\/blog\/index.php\/2022\/12\/30\/como-generar-un-buen-horario-en-primaria\/#breadcrumb","itemListElement":[{"@type":"ListItem","position":1,"name":"Home","item":"https:\/\/www.penalara.com\/blog\/index.php\/en\/"},{"@type":"ListItem","position":2,"name":"C\u00f3mo generar un buen horario en primaria"}]},{"@type":"WebSite","@id":"https:\/\/www.penalara.com\/blog\/#website","url":"https:\/\/www.penalara.com\/blog\/","name":"Blog de organizaci\u00f3n y optimizaci\u00f3n de horarios","description":"Hacer los mejores horarios nunca ha sido tan f\u00e1cil","publisher":{"@id":"https:\/\/www.penalara.com\/blog\/#organization"},"potentialAction":[{"@type":"SearchAction","target":{"@type":"EntryPoint","urlTemplate":"https:\/\/www.penalara.com\/blog\/?s={search_term_string}"},"query-input":{"@type":"PropertyValueSpecification","valueRequired":true,"valueName":"search_term_string"}}],"inLanguage":"es"},{"@type":"Organization","@id":"https:\/\/www.penalara.com\/blog\/#organization","name":"Pe\u00f1alara Software S.L.","url":"https:\/\/www.penalara.com\/blog\/","logo":{"@type":"ImageObject","inLanguage":"es","@id":"https:\/\/www.penalara.com\/blog\/#\/schema\/logo\/image\/","url":"https:\/\/www.penalara.com\/blog\/wp-content\/uploads\/2019\/07\/logo.png","contentUrl":"https:\/\/www.penalara.com\/blog\/wp-content\/uploads\/2019\/07\/logo.png","width":250,"height":100,"caption":"Pe\u00f1alara Software S.L."},"image":{"@id":"https:\/\/www.penalara.com\/blog\/#\/schema\/logo\/image\/"},"sameAs":["https:\/\/www.facebook.com\/Pe\u00f1alara-Software-495043237195235\/","https:\/\/x.com\/PenalaraSoft","https:\/\/www.linkedin.com\/company\/pe\u00f1alara-software-s.l.\/","https:\/\/www.youtube.com\/channel\/UCdIAXJr9u7O8nZUkmmpmPmQ","https:\/\/es.wikipedia.org\/wiki\/Pe\u00f1alara_GHC"]},{"@type":"Person","@id":"https:\/\/www.penalara.com\/blog\/#\/schema\/person\/454ee9013e618e32d3c57de96cf504ec","name":"Elena","image":{"@type":"ImageObject","inLanguage":"es","@id":"https:\/\/secure.gravatar.com\/avatar\/736280d0fd0a8157a4f88f9856b493f6f7d167e440c5288c191f7270ce380d03?s=96&d=mm&r=g","url":"https:\/\/secure.gravatar.com\/avatar\/736280d0fd0a8157a4f88f9856b493f6f7d167e440c5288c191f7270ce380d03?s=96&d=mm&r=g","contentUrl":"https:\/\/secure.gravatar.com\/avatar\/736280d0fd0a8157a4f88f9856b493f6f7d167e440c5288c191f7270ce380d03?s=96&d=mm&r=g","caption":"Elena"}}]}},"post_mailing_queue_ids":[],"_links":{"self":[{"href":"https:\/\/www.penalara.com\/blog\/index.php\/wp-json\/wp\/v2\/posts\/163","targetHints":{"allow":["GET"]}}],"collection":[{"href":"https:\/\/www.penalara.com\/blog\/index.php\/wp-json\/wp\/v2\/posts"}],"about":[{"href":"https:\/\/www.penalara.com\/blog\/index.php\/wp-json\/wp\/v2\/types\/post"}],"author":[{"embeddable":true,"href":"https:\/\/www.penalara.com\/blog\/index.php\/wp-json\/wp\/v2\/users\/6"}],"replies":[{"embeddable":true,"href":"https:\/\/www.penalara.com\/blog\/index.php\/wp-json\/wp\/v2\/comments?post=163"}],"version-history":[{"count":7,"href":"https:\/\/www.penalara.com\/blog\/index.php\/wp-json\/wp\/v2\/posts\/163\/revisions"}],"predecessor-version":[{"id":178,"href":"https:\/\/www.penalara.com\/blog\/index.php\/wp-json\/wp\/v2\/posts\/163\/revisions\/178"}],"wp:attachment":[{"href":"https:\/\/www.penalara.com\/blog\/index.php\/wp-json\/wp\/v2\/media?parent=163"}],"wp:term":[{"taxonomy":"category","embeddable":true,"href":"https:\/\/www.penalara.com\/blog\/index.php\/wp-json\/wp\/v2\/categories?post=163"},{"taxonomy":"post_tag","embeddable":true,"href":"https:\/\/www.penalara.com\/blog\/index.php\/wp-json\/wp\/v2\/tags?post=163"}],"curies":[{"name":"wp","href":"https:\/\/api.w.org\/{rel}","templated":true}]}}